{"id":1215,"date":"2025-01-07T10:18:40","date_gmt":"2025-01-07T10:18:40","guid":{"rendered":"http:\/\/www.clairechevallier.com\/1\/?p=1215"},"modified":"2025-01-07T10:18:40","modified_gmt":"2025-01-07T10:18:40","slug":"mim-bruxelles-podcast","status":"publish","type":"post","link":"http:\/\/www.clairechevallier.com\/1\/mim-bruxelles-podcast\/","title":{"rendered":"MIM Bruxelles PODCAST"},"content":{"rendered":"\n<p>\u00a0<\/p>\n<p>\u00a0<\/p>\n<p>\u00a0<\/p>\n\n\n\n<section class=\"o-text-block\">\n<div class=\"o-text-block__inner constrict constrict--md left\">\n<h4 class=\"text-align-center\">Le MIM vous propose une s\u00e9rie de podcasts sur sa page Spotify dans lequel un invit\u00e9 soigneusement s\u00e9lectionn\u00e9 parle avec enthousiasme de son (ses) instrument(s) pr\u00e9f\u00e9r\u00e9(s). Une fa\u00e7on suppl\u00e9mentaire de d\u00e9couvrir les collections du mus\u00e9e et d&#8217;avoir encore plus envie de le visiter !<\/h4>\n<\/div>\n<\/section>\n<section class=\"o-text-visual\">\n<div class=\"o-text-visual__inner constrict constrict--md\">\n<div class=\"m-grid left\">\n<div class=\"o-text-visual__column\">\n<h3 class=\"\">Claire Chevallier : le pianoforte<\/h3>\n<p>Pour marquer le 175e anniversaire de la mort de Chopin, le MIM met \u00e0 l&#8217;honneur le pianoforte. Claire Chevallier, professeur au Conservatoire royal de Bruxelles, nous parle avec passion de ce plus proche parent du piano moderne.<\/p>\n<p>Podcast en fran\u00e7ais<\/p>\n<\/div>\n<\/div>\n<p>\u00a0<\/p>\n<div class=\"m-grid left\">\n<div class=\"o-text-visual__column\"><a class=\"\n      a-button\n      a-button--primary\n      \n          \" title=\"\" href=\"https:\/\/open.spotify.com\/episode\/0xrSY2s9HMKfino8E83kiT?si=T9pBYq_zTAq3ywP5aB5N8g\" target=\"_self\">\u00c9couter sur Spotify<\/a><\/div>\n<\/div>\n<\/div>\n<\/section>\n<div>\u00a0<\/div>\n<div>\u00a0<\/div>\n<div>\u00a0<\/div>\n<div>\u00a0<\/div>\n<section class=\"o-text-visual\">\n<div class=\"o-text-visual__inner constrict constrict--md\">\n<div class=\"m-grid left\">\n<div class=\"o-text-visual__column\">\n<figure><img loading=\"lazy\" decoding=\"async\" src=\"https:\/\/www.mim.be\/sites\/default\/files\/styles\/default_visual\/public\/2024-12\/Claire%20Chevallier.jpg?itok=9cUF-nXd\" alt=\"\" width=\"480\" height=\"330\" \/>\n<figcaption><small>\u00a9 Thomas Vanhaute<\/small><\/figcaption>\n<\/figure>\n<\/div>\n<\/div>\n<\/div>\n<\/section>\n\n\n","protected":false},"excerpt":{"rendered":"<p>\u00a0 \u00a0 \u00a0 Le MIM vous propose une s\u00e9rie de podcasts sur sa page Spotify dans lequel un invit\u00e9 soigneusement s\u00e9lectionn\u00e9 parle avec enthousiasme de son (ses) instrument(s) pr\u00e9f\u00e9r\u00e9(s). Une fa\u00e7on suppl\u00e9mentaire de d\u00e9couvrir les collections du mus\u00e9e et d&#8217;avoir encore plus envie de le visiter ! Claire Chevallier : le pianoforte Pour marquer le [&hellip;]<\/p>\n","protected":false},"author":3,"featured_media":0,"comment_status":"closed","ping_status":"closed","sticky":false,"template":"","format":"standard","meta":{"footnotes":""},"categories":[5,6,9],"tags":[],"class_list":["post-1215","post","type-post","status-publish","format-standard","hentry","category-archive","category-guest-at","category-projects"],"_links":{"self":[{"href":"http:\/\/www.clairechevallier.com\/1\/wp-json\/wp\/v2\/posts\/1215","targetHints":{"allow":["GET"]}}],"collection":[{"href":"http:\/\/www.clairechevallier.com\/1\/wp-json\/wp\/v2\/posts"}],"about":[{"href":"http:\/\/www.clairechevallier.com\/1\/wp-json\/wp\/v2\/types\/post"}],"author":[{"embeddable":true,"href":"http:\/\/www.clairechevallier.com\/1\/wp-json\/wp\/v2\/users\/3"}],"replies":[{"embeddable":true,"href":"http:\/\/www.clairechevallier.com\/1\/wp-json\/wp\/v2\/comments?post=1215"}],"version-history":[{"count":3,"href":"http:\/\/www.clairechevallier.com\/1\/wp-json\/wp\/v2\/posts\/1215\/revisions"}],"predecessor-version":[{"id":1218,"href":"http:\/\/www.clairechevallier.com\/1\/wp-json\/wp\/v2\/posts\/1215\/revisions\/1218"}],"wp:attachment":[{"href":"http:\/\/www.clairechevallier.com\/1\/wp-json\/wp\/v2\/media?parent=1215"}],"wp:term":[{"taxonomy":"category","embeddable":true,"href":"http:\/\/www.clairechevallier.com\/1\/wp-json\/wp\/v2\/categories?post=1215"},{"taxonomy":"post_tag","embeddable":true,"href":"http:\/\/www.clairechevallier.com\/1\/wp-json\/wp\/v2\/tags?post=1215"}],"curies":[{"name":"wp","href":"https:\/\/api.w.org\/{rel}","templated":true}]}}