{"id":556,"date":"2017-09-04T15:00:46","date_gmt":"2017-09-04T15:00:46","guid":{"rendered":"http:\/\/www.clairechevallier.com\/1\/?p=556"},"modified":"2022-09-16T12:06:29","modified_gmt":"2022-09-16T12:06:29","slug":"conservatoire-royal-de-bruxelles","status":"publish","type":"post","link":"http:\/\/www.clairechevallier.com\/1\/conservatoire-royal-de-bruxelles\/","title":{"rendered":"Conservatoire Royal de Bruxelles"},"content":{"rendered":"<p>\u00a0<\/p>\n<p><span style=\"color: #800000;\">Claire Chevallier enseigne le\u00a0<strong>PIANOFORTE<\/strong> au <strong>Conservatoire Royal de Bruxelles<\/strong>.\u00a0<\/span><\/p>\n<p>\u00a0<\/p>\n<p><span style=\"color: #800000;\">Il est possible de suivre\u00a0un <strong>MASTER<\/strong> (niveaux 701-702) de pianoforte .\u00a0<\/span><\/p>\n<p>\u00a0<\/p>\n<p>\u00a0<\/p>\n<p>Le <span style=\"color: #800000;\">\u00a0<strong>MASTER<\/strong> de Pianoforte<\/span>\u00a0 permet aux pianistes ou aux clavecinistes d\u00e9j\u00e0 titulaires d&#8217;un Bachelor ou d&#8217;un Master de se sp\u00e9cialiser dans la pratique historiquement inform\u00e9e des pianofortes viennois du 18\u00e8me si\u00e8cle et pianos du 19\u00e8me si\u00e8cle.<\/p>\n<p>\u00a0<\/p>\n<p>Le Conservatoire Royal de Bruxelles poss\u00e8de:<\/p>\n<p>_ une copie de Stein ( 1786) r\u00e9alis\u00e9e par Chris Maene<br \/>_ une copie de Walter (\u00a01795-1800) \u00a0r\u00e9alis\u00e9e par Chris Maene<br \/>_ une copie de Fritz ( 1814) r\u00e9alis\u00e9e par Detmar Hungerberg<br \/>_ un Pleyel original de c. 1850\u00a0<\/p>\n<p>\u00a0<\/p>\n<p>L&#8217;examen d&#8217;entr\u00e9e a lieu en g\u00e9n\u00e9ral dans la derni\u00e8re semaine de mars de chaque ann\u00e9e, et\/ou la premi\u00e8re semaine de septembre.<br \/>Voir les sites d&#8217;information:<br \/><a href=\"http:\/\/www.conservatoire.be\">www.conservatoire.be<\/a><br \/><a href=\"http:\/\/www.musiqueancienne-bruxelles.be\">www.musiqueancienne-bruxelles.be<\/a><\/p>\n<p>\u00a0<\/p>\n<p>\u00a0<\/p>\n<p><a href=\"http:\/\/www.clairechevallier.com\/1\/conservatoire-royal-de-bruxelles\/samsung-digital-camera\/\" rel=\"attachment wp-att-587\"><img loading=\"lazy\" decoding=\"async\" class=\"alignnone size-medium wp-image-587\" title=\"Hungerberg Fritz 1814\" src=\"http:\/\/www.clairechevallier.com\/1\/wp-content\/uploads\/2012\/12\/HungerbergFritz1814BXL-001-540x720.jpg\" alt=\"\" width=\"540\" height=\"720\" \/><\/a><\/p>\n<p>Hungerberg \/ Fritz 1814<\/p>\n<p>\u00a0<\/p>\n<p>\u00a0<\/p>\n<p><a href=\"http:\/\/www.clairechevallier.com\/1\/?attachment_id=698\"><img loading=\"lazy\" decoding=\"async\" class=\"alignnone size-medium wp-image-698\" title=\"Hungerberg et Maene\" src=\"http:\/\/www.clairechevallier.com\/1\/wp-content\/uploads\/2014\/07\/classeconservatoireBXL-540x405.jpg\" alt=\"\" width=\"540\" height=\"405\" \/><\/a><\/p>\n<p>De gauche \u00e0 droite: Hungerberg \/ Fritz 1814 et Maene \/ Walter 1795-1800<\/p>\n<p>\u00a0<\/p>\n<p><img loading=\"lazy\" decoding=\"async\" class=\"alignnone size-medium wp-image-890\" src=\"http:\/\/www.clairechevallier.com\/1\/wp-content\/uploads\/2017\/09\/IMG_20171212_134737-540x405.jpg\" alt=\"\" width=\"540\" height=\"405\" srcset=\"http:\/\/www.clairechevallier.com\/1\/wp-content\/uploads\/2017\/09\/IMG_20171212_134737-540x405.jpg 540w, http:\/\/www.clairechevallier.com\/1\/wp-content\/uploads\/2017\/09\/IMG_20171212_134737-768x576.jpg 768w\" sizes=\"auto, (max-width: 540px) 100vw, 540px\" \/> <img loading=\"lazy\" decoding=\"async\" class=\"alignnone size-medium wp-image-891\" src=\"http:\/\/www.clairechevallier.com\/1\/wp-content\/uploads\/2017\/09\/IMG_20171212_134816-540x405.jpg\" alt=\"\" width=\"540\" height=\"405\" srcset=\"http:\/\/www.clairechevallier.com\/1\/wp-content\/uploads\/2017\/09\/IMG_20171212_134816-540x405.jpg 540w, http:\/\/www.clairechevallier.com\/1\/wp-content\/uploads\/2017\/09\/IMG_20171212_134816-768x576.jpg 768w\" sizes=\"auto, (max-width: 540px) 100vw, 540px\" \/><\/p>\n<p>Pleyel original de 1850<br \/>Restauration: Pierre Gevaert<\/p>\n<p>\u00a0<\/p>\n<p>\u00a0<\/p>\n<p><img loading=\"lazy\" decoding=\"async\" class=\"alignnone size-medium wp-image-1143\" src=\"http:\/\/www.clairechevallier.com\/1\/wp-content\/uploads\/2017\/09\/STEIN-1786-replica-540x399.jpg\" alt=\"\" width=\"540\" height=\"399\" srcset=\"http:\/\/www.clairechevallier.com\/1\/wp-content\/uploads\/2017\/09\/STEIN-1786-replica-540x399.jpg 540w, http:\/\/www.clairechevallier.com\/1\/wp-content\/uploads\/2017\/09\/STEIN-1786-replica-768x567.jpg 768w, http:\/\/www.clairechevallier.com\/1\/wp-content\/uploads\/2017\/09\/STEIN-1786-replica-1536x1134.jpg 1536w, http:\/\/www.clairechevallier.com\/1\/wp-content\/uploads\/2017\/09\/STEIN-1786-replica-2048x1512.jpg 2048w\" sizes=\"auto, (max-width: 540px) 100vw, 540px\" \/><\/p>\n\n\n<p>Stein 1786 replica by Chris Maene<\/p>\n","protected":false},"excerpt":{"rendered":"<p>\u00a0 Claire Chevallier enseigne le\u00a0PIANOFORTE au Conservatoire Royal de Bruxelles.\u00a0 \u00a0 Il est possible de suivre\u00a0un MASTER (niveaux 701-702) de pianoforte .\u00a0 \u00a0 \u00a0 Le \u00a0MASTER de Pianoforte\u00a0 permet aux pianistes ou aux clavecinistes d\u00e9j\u00e0 titulaires d&#8217;un Bachelor ou d&#8217;un Master de se sp\u00e9cialiser dans la pratique historiquement inform\u00e9e des pianofortes viennois du 18\u00e8me si\u00e8cle [&hellip;]<\/p>\n","protected":false},"author":3,"featured_media":0,"comment_status":"closed","ping_status":"closed","sticky":false,"template":"","format":"standard","meta":{"footnotes":""},"categories":[6],"tags":[],"class_list":["post-556","post","type-post","status-publish","format-standard","hentry","category-guest-at"],"_links":{"self":[{"href":"http:\/\/www.clairechevallier.com\/1\/wp-json\/wp\/v2\/posts\/556","targetHints":{"allow":["GET"]}}],"collection":[{"href":"http:\/\/www.clairechevallier.com\/1\/wp-json\/wp\/v2\/posts"}],"about":[{"href":"http:\/\/www.clairechevallier.com\/1\/wp-json\/wp\/v2\/types\/post"}],"author":[{"embeddable":true,"href":"http:\/\/www.clairechevallier.com\/1\/wp-json\/wp\/v2\/users\/3"}],"replies":[{"embeddable":true,"href":"http:\/\/www.clairechevallier.com\/1\/wp-json\/wp\/v2\/comments?post=556"}],"version-history":[{"count":36,"href":"http:\/\/www.clairechevallier.com\/1\/wp-json\/wp\/v2\/posts\/556\/revisions"}],"predecessor-version":[{"id":1144,"href":"http:\/\/www.clairechevallier.com\/1\/wp-json\/wp\/v2\/posts\/556\/revisions\/1144"}],"wp:attachment":[{"href":"http:\/\/www.clairechevallier.com\/1\/wp-json\/wp\/v2\/media?parent=556"}],"wp:term":[{"taxonomy":"category","embeddable":true,"href":"http:\/\/www.clairechevallier.com\/1\/wp-json\/wp\/v2\/categories?post=556"},{"taxonomy":"post_tag","embeddable":true,"href":"http:\/\/www.clairechevallier.com\/1\/wp-json\/wp\/v2\/tags?post=556"}],"curies":[{"name":"wp","href":"https:\/\/api.w.org\/{rel}","templated":true}]}}