{"id":870,"date":"2018-01-05T14:27:48","date_gmt":"2018-01-05T14:27:48","guid":{"rendered":"http:\/\/www.clairechevallier.com\/1\/?p=870"},"modified":"2018-08-07T08:36:53","modified_gmt":"2018-08-07T08:36:53","slug":"2018-2","status":"publish","type":"post","link":"http:\/\/www.clairechevallier.com\/1\/2018-2\/","title":{"rendered":"2018"},"content":{"rendered":"<p>&nbsp;<\/p>\n<p><b>&#8216;Fa\u00e7ade: the final days of Mata-Hari&#8217;<\/b><br \/>\nClaron Mac Fadden, soprano\/ Josse de Pauw, actor\/ Claire Chevallier, piano<br \/>\n<em>Production Muziektheater Transparant<\/em><br \/>\nPoulenc, Saint-Sa\u00ebns, Schoenberg, Satie, Walton, Massenet, Duparc, Debussy, Chevallier<br \/>\n<span style=\"color: #ff6600;\">THUR 6 December 2018 | 20.15 | Chass\u00e9 Theater, Breda, NL<\/span><br \/>\n<span style=\"color: #ff6600;\">THUR 13 December 2018 | 20.30 | De Goudse Schouwburg, Gouda, NL<\/span><br \/>\n<span style=\"color: #ff6600;\">FRI 14 December 2018 | 20.15 | FLAGEY, Brussels, B<\/span><br \/>\n<span style=\"color: #ff6600;\">SAT 15 December 2018 | 20.30 | Stadsschouwburg Utrecht, NL<\/span><\/p>\n<p>&nbsp;<\/p>\n<p>&nbsp;<\/p>\n<p>&nbsp;<\/p>\n<p><strong>&#8216;Tcha\u00efkovski Rococo&#8217;<\/strong><br \/>\nLecture\/recital : Sergei Istomin, cello &amp; Claire Chevallier, piano<br \/>\n<span style=\"color: #ff6600;\">SUN 2 December 2018 | 11.00 | Miryconcertzaal, Gent, B<\/span><\/p>\n<p>&nbsp;<\/p>\n<p>&nbsp;<\/p>\n<p>&nbsp;<\/p>\n<p><strong>&#8216; Fa\u00e7ade: the final days of Mata-Hari&#8217;<\/strong><br \/>\nClaron Mac Fadden, soprano\/ Josse de Pauw, actor\/ Claire Chevallier, piano<br \/>\n<em>Production Muziektheater Transparant<\/em><br \/>\nPoulenc, Saint-Sa\u00ebns, Schoenberg, Satie, Walton, Massenet, Duparc, Debussy, Chevallier<br \/>\n<span style=\"color: #ff6600;\">TUE 13 November 2018 | 20.30 | Theaters Tilburg, NL<\/span><br \/>\n<span style=\"color: #ff6600;\">WED 14 November 2018 | 20.30 | Parkstad Limburg Theaters, Heerlen, NL<\/span><\/p>\n<p>&nbsp;<\/p>\n<p>&nbsp;<\/p>\n<p>&nbsp;<\/p>\n<p><strong>Oorlog &amp; Terpentijn \/ Needcompany \/ Jan Lauwers<\/strong><br \/>\nText by Stefan Hertmans<br \/>\nMusic for trio by Rombaut Willems<br \/>\n<span style=\"color: #ff6600;\">SAT 10 November 2018 | 20.30 | CC Strombeek, Brussels, B<\/span><br \/>\n<span style=\"color: #ff6600;\">THUR 15 November 2018 | 20.00 | MARS, Th\u00e9\u00e2tre Le Man\u00e8ge, Mons, B<\/span><\/p>\n<p>&nbsp;<\/p>\n<p>&nbsp;<\/p>\n<p>&nbsp;<\/p>\n<p><strong>JURY<\/strong><br \/>\n<strong>1rst International Chopin Competition on historical instruments<\/strong><br \/>\nFryderyk Chopin Institute<br \/>\niccpi.eu\/pl<br \/>\n<span style=\"color: #ff6600;\">SUN 2- SAT 15 September 2018 | WARSAW, Poland<\/span><\/p>\n<p>&nbsp;<\/p>\n<p>&nbsp;<\/p>\n<p><strong>HUMOR in French Music<\/strong><br \/>\nRecital Satie, Poulenc<br \/>\n<span style=\"color: #ff6600;\">MON 25 June 2018 | 19.30 | Milotice, Concentus Moraviae, CZECH Republic<\/span><br \/>\n<span style=\"color: #ff6600;\">TUES 26 June 2018 | 19.30 | Rajek-Jestrebi, Concentus Moraviae, CZECH R.<\/span><\/p>\n<p>&nbsp;<\/p>\n<p>&nbsp;<\/p>\n<p><strong>&#8216;Fa\u00e7ade: the final days of Mata-Hari&#8217;<\/strong><br \/>\nClaron Mac Fadden, soprano\/ Josse de Pauw, actor\/ Claire Chevallier, piano<br \/>\n<em>Production Muziektheater Transparant<\/em><br \/>\nPoulenc, Saint-Sa\u00ebns, Schoenberg, Satie, Walton, Massenet, Duparc, Debussy, Chevallier<br \/>\n<span style=\"color: #ff6600;\">SAT 19 May 2018 | 19.00 | Operadagen, Rotterdam, NL<\/span><br \/>\n<span style=\"color: #ff6600;\">SUN 20 May 2018 | 16.30 | Operadagen, Rotterdam, NL<\/span><\/p>\n<p>&nbsp;<\/p>\n<h5><span style=\"display: inline !important; float: none; background-color: transparent; color: #333333; cursor: text; font-family: Georgia,'Times New Roman','Bitstream Charter',Times,serif; font-size: 16px; font-style: normal; font-variant: normal; font-weight: 400; letter-spacing: normal; orphans: 2; text-align: left; text-decoration: none; text-indent: 0px; text-transform: none; -webkit-text-stroke-width: 0px; white-space: normal; word-spacing: 0px;\">\u00a0<\/span><\/h5>\n<p>&nbsp;<\/p>\n<p><strong>&#8216;Fa\u00e7ade: the final days of Mata-Hari&#8217;<\/strong><br \/>\nClaron Mac Fadden, soprano\/ Josse de Pauw, actor\/ Claire Chevallier, piano<br \/>\n<em>Production Muziektheater Transparant<\/em><br \/>\nPoulenc, Saint-Sa\u00ebns, Schoenberg, Satie, Walton, Massenet, Duparc, Debussy, Chevallier<br \/>\n<span style=\"color: #ff6600;\">THU 17 May 2018 | 20.30 | Festival der Voorkempen-Werf44, Schilde, B<\/span><\/p>\n<p><span style=\"display: inline !important; float: none; background-color: transparent; color: #333333; cursor: text; font-family: Georgia,'Times New Roman','Bitstream Charter',Times,serif; font-size: 16px; font-style: normal; font-variant: normal; font-weight: 400; letter-spacing: normal; orphans: 2; text-align: left; text-decoration: none; text-indent: 0px; text-transform: none; -webkit-text-stroke-width: 0px; white-space: normal; word-spacing: 0px;\">\u00a0<\/span><\/p>\n<p>&nbsp;<\/p>\n<p>&nbsp;<\/p>\n<p><strong>&#8216;Schubertiade&#8217;<\/strong><br \/>\nClaire Chevallier, Jos van Immerseel, Yeree Suh, Thomas Bauer, Lisa Schklyaver<br \/>\n<em>Production Anima Eterna Brugge<\/em><br \/>\n<span style=\"color: #ff6600;\">WED 18 April 2018 | 20.00 | BOZAR, Brussels, B<\/span><\/p>\n<p>&nbsp;<\/p>\n<p>&nbsp;<\/p>\n<p>&nbsp;<\/p>\n<p><strong>&#8216;Fa\u00e7ade: the final days of Mata-Hari&#8217;<\/strong><br \/>\nClaron Mac Fadden, soprano\/ Josse de Pauw, actor\/ Claire Chevallier, piano<br \/>\n<em>Production Muziektheater Transparant<\/em><br \/>\nPoulenc, Saint-Sa\u00ebns, Schoenberg, Satie, Walton, Massenet, Duparc, Debussy, Chevallier<br \/>\n<span style=\"color: #ff6600;\">THUR 12 April 2018 | 20.15 | Stadsschouwburg en De Vereeniging, Nijmegen, NL<\/span><\/p>\n<p>&nbsp;<\/p>\n<p>&nbsp;<\/p>\n<p>&nbsp;<\/p>\n<p><strong>MINI-STAGE<\/strong><br \/>\nConservatoire Royal de Bruxelles, D\u00e9partement de Musique Ancienne<br \/>\nOuvert \u00e0 tous les \u00e9tudiants int\u00e9ress\u00e9s\/ Open for all<br \/>\nhttp:\/\/www.musiqueancienne-bruxelles.be\/<br \/>\n<span style=\"color: #ff6600;\">SAT 24 -SUN 25 March 2018 | Conservatory of Brussels, B<\/span><\/p>\n<p>&nbsp;<\/p>\n<p>&nbsp;<\/p>\n<p>&nbsp;<\/p>\n<p><strong>&#8216;Chopin, the soul of sound&#8217;<\/strong><br \/>\nPreparatory Workshops for the 1st International Chopin Competition on Historical instruments<br \/>\n<em>Concerts, Masterclasses and Lectures<br \/>\nWWW.historicalchopin.be<br \/>\n<\/em><span style=\"color: #ff6600;\">SUN 4- MON 5- TUES 6 March 2018| Concerthall Brusssels Conservatory, Brussels, B<\/span><em><br \/>\n<\/em><\/p>\n<p>&nbsp;<\/p>\n<p>&nbsp;<\/p>\n<p>&nbsp;<\/p>\n<p><strong>&#8216;Fa\u00e7ade: the final days of Mata-Hari&#8217;<\/strong><br \/>\nClaron Mac Fadden, soprano\/ Josse de Pauw, actor\/ Claire Chevallier, piano<br \/>\n<em>Production Muziektheater Transparant<\/em><br \/>\nPoulenc, Saint-Sa\u00ebns, Schoenberg, Satie, Walton, Massenet, Duparc, Debussy, Chevallier<br \/>\n<span style=\"color: #ff6600;\">WED 14 February 2018 | 20.15 | Muziekgebouw aan &#8217;t IJ, Amsterdam, NL<\/span><\/p>\n<p>&nbsp;<\/p>\n<p>&nbsp;<\/p>\n<p><strong>&#8216;Fa\u00e7ade: the final days of Mata-Hari&#8217;<\/strong><br \/>\nClaron Mac Fadden, soprano\/ Josse de Pauw, actor\/ Claire Chevallier, piano<br \/>\n<em>Production Muziektheater Transparant<\/em><br \/>\nPoulenc, Saint-Sa\u00ebns, Schoenberg, Satie, Walton, Massenet, Duparc, Debussy, Chevallier<br \/>\n<span style=\"color: #ff6600;\">FRI 26 January 2018 | 20.15 | Posthuis Theater, Heerenveen, NL<\/span><br \/>\n<span style=\"color: #ff6600;\">SAT 27 January 2018 |18.00 | VRT- Klara in de Singel, Antwerpen, B<\/span><\/p>\n<p>&nbsp;<\/p>\n<p>&nbsp;<\/p>\n<p>&nbsp;<\/p>\n","protected":false},"excerpt":{"rendered":"<p>&nbsp; &#8216;Fa\u00e7ade: the final days of Mata-Hari&#8217; Claron Mac Fadden, soprano\/ Josse de Pauw, actor\/ Claire Chevallier, piano Production Muziektheater Transparant Poulenc, Saint-Sa\u00ebns, Schoenberg, Satie, Walton, Massenet, Duparc, Debussy, Chevallier THUR 6 December 2018 | 20.15 | Chass\u00e9 Theater, Breda, NL THUR 13 December 2018 | 20.30 | De Goudse Schouwburg, Gouda, NL FRI 14 [&hellip;]<\/p>\n","protected":false},"author":3,"featured_media":0,"comment_status":"closed","ping_status":"closed","sticky":false,"template":"","format":"standard","meta":{"footnotes":""},"categories":[10],"tags":[],"class_list":["post-870","post","type-post","status-publish","format-standard","hentry","category-concerts"],"_links":{"self":[{"href":"http:\/\/www.clairechevallier.com\/1\/wp-json\/wp\/v2\/posts\/870","targetHints":{"allow":["GET"]}}],"collection":[{"href":"http:\/\/www.clairechevallier.com\/1\/wp-json\/wp\/v2\/posts"}],"about":[{"href":"http:\/\/www.clairechevallier.com\/1\/wp-json\/wp\/v2\/types\/post"}],"author":[{"embeddable":true,"href":"http:\/\/www.clairechevallier.com\/1\/wp-json\/wp\/v2\/users\/3"}],"replies":[{"embeddable":true,"href":"http:\/\/www.clairechevallier.com\/1\/wp-json\/wp\/v2\/comments?post=870"}],"version-history":[{"count":18,"href":"http:\/\/www.clairechevallier.com\/1\/wp-json\/wp\/v2\/posts\/870\/revisions"}],"predecessor-version":[{"id":920,"href":"http:\/\/www.clairechevallier.com\/1\/wp-json\/wp\/v2\/posts\/870\/revisions\/920"}],"wp:attachment":[{"href":"http:\/\/www.clairechevallier.com\/1\/wp-json\/wp\/v2\/media?parent=870"}],"wp:term":[{"taxonomy":"category","embeddable":true,"href":"http:\/\/www.clairechevallier.com\/1\/wp-json\/wp\/v2\/categories?post=870"},{"taxonomy":"post_tag","embeddable":true,"href":"http:\/\/www.clairechevallier.com\/1\/wp-json\/wp\/v2\/tags?post=870"}],"curies":[{"name":"wp","href":"https:\/\/api.w.org\/{rel}","templated":true}]}}